{"id":701,"date":"2025-02-04T22:04:49","date_gmt":"2025-02-04T21:04:49","guid":{"rendered":"http:\/\/tetardville.fr\/?p=701"},"modified":"2025-02-04T22:08:30","modified_gmt":"2025-02-04T21:08:30","slug":"692-2","status":"publish","type":"post","link":"https:\/\/tetardville.fr\/index.php\/2025\/02\/04\/692-2\/","title":{"rendered":"Concert T\u00caTARD-VILLE d\u00e9cembre 2023 (Tain l&rsquo;Hermitage &#8211; 26)"},"content":{"rendered":"\n<figure class=\"wp-block-gallery has-nested-images columns-default is-cropped wp-block-gallery-1 is-layout-flex\">\n<figure class=\"wp-block-image size-large\"><img decoding=\"async\" data-id=\"694\"  src=\"http:\/\/tetardville.fr\/wp-content\/uploads\/2025\/02\/Tetard-Ville-a-lEspace-Rochegude-Tain-lHermitage-07-decembre-2023-HD-4.mp4\" alt=\"\" class=\"wp-image-694\"\/><\/figure>\n<\/figure>\n\n\n\n<figure class=\"wp-block-image size-full\"><img data-attachment-id=\"699\" data-permalink=\"https:\/\/tetardville.fr\/tetard-ville-2023\/\" data-orig-file=\"https:\/\/i2.wp.com\/tetardville.fr\/wp-content\/uploads\/2025\/02\/Tetard-Ville-2023.jpg?fit=1024%2C614&amp;ssl=1\" data-orig-size=\"1024,614\" data-comments-opened=\"0\" data-image-meta=\"{&quot;aperture&quot;:&quot;0&quot;,&quot;credit&quot;:&quot;&quot;,&quot;camera&quot;:&quot;&quot;,&quot;caption&quot;:&quot;&quot;,&quot;created_timestamp&quot;:&quot;0&quot;,&quot;copyright&quot;:&quot;&quot;,&quot;focal_length&quot;:&quot;0&quot;,&quot;iso&quot;:&quot;0&quot;,&quot;shutter_speed&quot;:&quot;0&quot;,&quot;title&quot;:&quot;&quot;,&quot;orientation&quot;:&quot;0&quot;}\" data-image-title=\"T\u00eatard Ville 2023\" data-image-description=\"\" data-medium-file=\"https:\/\/i2.wp.com\/tetardville.fr\/wp-content\/uploads\/2025\/02\/Tetard-Ville-2023.jpg?fit=559%2C335&amp;ssl=1\" data-large-file=\"https:\/\/i2.wp.com\/tetardville.fr\/wp-content\/uploads\/2025\/02\/Tetard-Ville-2023.jpg?fit=696%2C417&amp;ssl=1\" decoding=\"async\" loading=\"lazy\" width=\"696\" height=\"417\" src=\"https:\/\/i2.wp.com\/tetardville.fr\/wp-content\/uploads\/2025\/02\/Tetard-Ville-2023.jpg?resize=696%2C417\" alt=\"\" class=\"wp-image-699\" srcset=\"https:\/\/i2.wp.com\/tetardville.fr\/wp-content\/uploads\/2025\/02\/Tetard-Ville-2023.jpg?w=1024&amp;ssl=1 1024w, https:\/\/i2.wp.com\/tetardville.fr\/wp-content\/uploads\/2025\/02\/Tetard-Ville-2023.jpg?resize=559%2C335&amp;ssl=1 559w, https:\/\/i2.wp.com\/tetardville.fr\/wp-content\/uploads\/2025\/02\/Tetard-Ville-2023.jpg?resize=768%2C461&amp;ssl=1 768w, https:\/\/i2.wp.com\/tetardville.fr\/wp-content\/uploads\/2025\/02\/Tetard-Ville-2023.jpg?resize=600%2C360&amp;ssl=1 600w\" sizes=\"(max-width: 696px) 100vw, 696px\" data-recalc-dims=\"1\" \/><\/figure>\n\n\n\n<div class=\"wp-block-media-text alignwide is-stacked-on-mobile\"><figure class=\"wp-block-media-text__media\"><video controls src=\"http:\/\/tetardville.fr\/wp-content\/uploads\/2025\/02\/Tetard-Ville-a-lEspace-Rochegude-Tain-lHermitage-07-decembre-2023-HD-4.mp4\"><\/video><\/figure><div class=\"wp-block-media-text__content\">\n<p>Concert T\u00eatard-Ville \u00e0 Tain l&rsquo;Hermitage (07) D\u00e9cembre 2023<\/p>\n<\/div><\/div>\n","protected":false},"excerpt":{"rendered":"<p>Concert T\u00eatard-Ville \u00e0 Tain l&rsquo;Hermitage (07) D\u00e9cembre 2023<\/p>\n","protected":false},"author":2,"featured_media":0,"comment_status":"closed","ping_status":"open","sticky":false,"template":"","format":"standard","meta":[],"categories":[1],"tags":[],"jetpack_featured_media_url":"","jetpack-related-posts":[{"id":549,"url":"https:\/\/tetardville.fr\/index.php\/2021\/04\/20\/formules-de-concerts-proposes\/","url_meta":{"origin":701,"position":0},"title":"Formules de Concerts propos\u00e9s","date":"20 avril 2021","format":false,"excerpt":"Formule Solo : \"T\u00eatard-Tampion\" et Mimine Formule en duo : \"T\u00eatard-Tampion\" et \"T\u00eatard-Ratata\" Formule \"T\u00caTARD-VILLE\" : les T\u00eatards au complet : \"T\u00eatard-Tampion\" ;\"T\u00eatard-Ratata\" ; \"T\u00eatard-P\u00e8ge\" et \"T\u00eatard-Monie\"","rel":"nofollow","context":"Dans \"Non class\u00e9\"","img":{"src":"","width":0,"height":0},"classes":[]},{"id":405,"url":"https:\/\/tetardville.fr\/index.php\/2018\/10\/10\/concert-de-sortie-saperlipopette\/","url_meta":{"origin":701,"position":1},"title":"Concert de sortie \"Saperlipopette\"","date":"10 octobre 2018","format":false,"excerpt":"le 6 octobre 2018 \u00e0 la salle de spectacle de Roifieux (07), les \"T\u00eatard-D\u00e9chois\" du groupe \"T\u00caTARD-VILLE\" ont jou\u00e9 les chansons du dernier album \"Saperlipopette\".\u00a0","rel":"nofollow","context":"Dans \"Non class\u00e9\"","img":{"src":"","width":0,"height":0},"classes":[]},{"id":297,"url":"https:\/\/tetardville.fr\/index.php\/2018\/07\/15\/enregistrement-album-tetard-ville-4-saperlipopette\/","url_meta":{"origin":701,"position":2},"title":"enregistrement album TETARD VILLE 4 \"SAPERLIPOPETTE\"","date":"15 juillet 2018","format":false,"excerpt":"SONY DSC Le nouveau CD \"Saperlipopette\" est en phase d'enregistrement, toujours conduit sous la houlette num\u00e9rique de Brice. La sortie est pr\u00e9vue au second semestre 2018 avec un concert de sortie le 6 octobre 2018 \u00e0 la salle de spectacle l'apART\u00e9 de Roifieux (07)... Pour cet album, T\u00caTARD-TAMPION (Xavier PESME),\u2026","rel":"nofollow","context":"Dans \"Non class\u00e9\"","img":{"src":"","width":0,"height":0},"classes":[]}],"_links":{"self":[{"href":"https:\/\/tetardville.fr\/index.php\/wp-json\/wp\/v2\/posts\/701"}],"collection":[{"href":"https:\/\/tetardville.fr\/index.php\/wp-json\/wp\/v2\/posts"}],"about":[{"href":"https:\/\/tetardville.fr\/index.php\/wp-json\/wp\/v2\/types\/post"}],"author":[{"embeddable":true,"href":"https:\/\/tetardville.fr\/index.php\/wp-json\/wp\/v2\/users\/2"}],"replies":[{"embeddable":true,"href":"https:\/\/tetardville.fr\/index.php\/wp-json\/wp\/v2\/comments?post=701"}],"version-history":[{"count":2,"href":"https:\/\/tetardville.fr\/index.php\/wp-json\/wp\/v2\/posts\/701\/revisions"}],"predecessor-version":[{"id":715,"href":"https:\/\/tetardville.fr\/index.php\/wp-json\/wp\/v2\/posts\/701\/revisions\/715"}],"wp:attachment":[{"href":"https:\/\/tetardville.fr\/index.php\/wp-json\/wp\/v2\/media?parent=701"}],"wp:term":[{"taxonomy":"category","embeddable":true,"href":"https:\/\/tetardville.fr\/index.php\/wp-json\/wp\/v2\/categories?post=701"},{"taxonomy":"post_tag","embeddable":true,"href":"https:\/\/tetardville.fr\/index.php\/wp-json\/wp\/v2\/tags?post=701"}],"curies":[{"name":"wp","href":"https:\/\/api.w.org\/{rel}","templated":true}]}}